{"id":1045,"date":"2023-07-06T10:41:04","date_gmt":"2023-07-06T08:41:04","guid":{"rendered":"https:\/\/orphea-info.fr\/?p=1045"},"modified":"2023-07-06T10:41:04","modified_gmt":"2023-07-06T08:41:04","slug":"tres-bonne-nouvelle","status":"publish","type":"post","link":"https:\/\/orphea-info.fr\/index.php\/2023\/07\/06\/tres-bonne-nouvelle\/","title":{"rendered":"(Tr\u00e8s) Bonne nouvelle"},"content":{"rendered":"\n<figure class=\"wp-block-image size-full is-resized\"><img loading=\"lazy\" decoding=\"async\" src=\"https:\/\/orphea-info.fr\/wp-content\/uploads\/2023\/07\/balcon.jpg\" alt=\"\" class=\"wp-image-1053\" width=\"632\" height=\"296\" srcset=\"https:\/\/orphea-info.fr\/wp-content\/uploads\/2023\/07\/balcon.jpg 852w, https:\/\/orphea-info.fr\/wp-content\/uploads\/2023\/07\/balcon-300x140.jpg 300w, https:\/\/orphea-info.fr\/wp-content\/uploads\/2023\/07\/balcon-768x360.jpg 768w\" sizes=\"auto, (max-width: 632px) 100vw, 632px\" \/><\/figure>\n\n\n\n<p>Apr\u00e8s tant d\u2019ann\u00e9es de discussions, de proc\u00e9dure judiciaire, un protocole d\u2019accord entre les syndicats de copropri\u00e9t\u00e9s (Orph\u00e9a 1 et 2) et l\u2019entreprise Bouygues vient enfin d\u2019\u00eatre sign\u00e9.<\/p>\n\n\n\n<p>Une assembl\u00e9e g\u00e9n\u00e9rale extraordinaire regroupant les deux copropri\u00e9t\u00e9s se tiendra le 7 septembre 2023 \u00e0 18h au temple, en pr\u00e9sence de Ma\u00eetre Franceschi, avocat d\u2019Orph\u00e9a, \u00e0 l\u2019origine de ce d\u00e9nouement. Les travaux pourront d\u00e9buter \u00e0 la suite du d\u00e9lai l\u00e9gal de deux mois.<\/p>\n\n\n\n<p>Restez \u00e0 l\u2019\u00e9coute pour suivre l\u2019affaire<\/p>\n","protected":false},"excerpt":{"rendered":"<p>Apr\u00e8s tant d\u2019ann\u00e9es de discussions, de proc\u00e9dure judiciaire, un protocole d\u2019accord entre les syndicats de copropri\u00e9t\u00e9s (Orph\u00e9a 1 et 2) et l\u2019entreprise Bouygues vient enfin d\u2019\u00eatre sign\u00e9. Une assembl\u00e9e g\u00e9n\u00e9rale extraordinaire regroupant les deux copropri\u00e9t\u00e9s se tiendra le 7 septembre &hellip; <a href=\"https:\/\/orphea-info.fr\/index.php\/2023\/07\/06\/tres-bonne-nouvelle\/\">Continuer la lecture <span class=\"meta-nav\">&rarr;<\/span><\/a><\/p>\n","protected":false},"author":1,"featured_media":1053,"comment_status":"closed","ping_status":"closed","sticky":false,"template":"","format":"standard","meta":{"footnotes":""},"categories":[4],"tags":[],"class_list":["post-1045","post","type-post","status-publish","format-standard","has-post-thumbnail","hentry","category-information"],"_links":{"self":[{"href":"https:\/\/orphea-info.fr\/index.php\/wp-json\/wp\/v2\/posts\/1045","targetHints":{"allow":["GET"]}}],"collection":[{"href":"https:\/\/orphea-info.fr\/index.php\/wp-json\/wp\/v2\/posts"}],"about":[{"href":"https:\/\/orphea-info.fr\/index.php\/wp-json\/wp\/v2\/types\/post"}],"author":[{"embeddable":true,"href":"https:\/\/orphea-info.fr\/index.php\/wp-json\/wp\/v2\/users\/1"}],"replies":[{"embeddable":true,"href":"https:\/\/orphea-info.fr\/index.php\/wp-json\/wp\/v2\/comments?post=1045"}],"version-history":[{"count":7,"href":"https:\/\/orphea-info.fr\/index.php\/wp-json\/wp\/v2\/posts\/1045\/revisions"}],"predecessor-version":[{"id":1055,"href":"https:\/\/orphea-info.fr\/index.php\/wp-json\/wp\/v2\/posts\/1045\/revisions\/1055"}],"wp:featuredmedia":[{"embeddable":true,"href":"https:\/\/orphea-info.fr\/index.php\/wp-json\/wp\/v2\/media\/1053"}],"wp:attachment":[{"href":"https:\/\/orphea-info.fr\/index.php\/wp-json\/wp\/v2\/media?parent=1045"}],"wp:term":[{"taxonomy":"category","embeddable":true,"href":"https:\/\/orphea-info.fr\/index.php\/wp-json\/wp\/v2\/categories?post=1045"},{"taxonomy":"post_tag","embeddable":true,"href":"https:\/\/orphea-info.fr\/index.php\/wp-json\/wp\/v2\/tags?post=1045"}],"curies":[{"name":"wp","href":"https:\/\/api.w.org\/{rel}","templated":true}]}}